{"id":9435,"date":"2022-03-19T14:04:56","date_gmt":"2022-03-19T18:04:56","guid":{"rendered":"https:\/\/www.noemieraymond.com\/?p=9435"},"modified":"2025-10-20T18:32:33","modified_gmt":"2025-10-20T22:32:33","slug":"le-concert-du-duo-cavatine","status":"publish","type":"post","link":"https:\/\/www.noemieraymond.com\/en\/le-concert-du-duo-cavatine\/","title":{"rendered":"Le concert du Duo Cavatine"},"content":{"rendered":"<div class=\"wpb-content-wrapper\"><p>[vc_row][vc_column][vc_column_text css=&#8221;.vc_custom_1760999546172{margin-bottom: 35px !important;}&#8221;]<em>This news is only available in french.<\/em>[\/vc_column_text][vc_column_text css=&#8221;&#8221;]<em>Carole Trempe \u2013\u00a0<\/em><strong>Apr\u00e8s deux ans d\u2019une pand\u00e9mie qui nous accable de sa lourdeur et dans un climat de guerre qui s\u00e9vit tristement chez nos semblables ukrainiens, la musique, plus que jamais, devient essentielle pour le bien-\u00eatre collectif de nos \u00e2mes. Le concert du Duo Cavatine est un excellent choix qui nous a \u00e9t\u00e9 livr\u00e9 avec une sensibilit\u00e9 et une tendresse infinie. Dieu que c\u2019\u00e9tait beau\u2009! Dieu qu\u2019on en a besoin\u2009!<\/strong><\/p>\n<p>Dans la s\u00e9rie\u00a0<em>Jeunes virtuoses<\/em>\u00a0pr\u00e9sent\u00e9e par Desjardins Caisse de la Rivi\u00e8re-du-Nord, Diffusions Amal\u2019Gamme produisait le Duo Cavatine mettant en vedette No\u00e9mie Raymond-Friset au violoncelle et Michel-Alexandre Broekaert au piano, le dimanche 27 f\u00e9vrier 2022. Deux jeunes et fabuleux artistes qui fusionnent leur talent pour notre grand plaisir. Leur interpr\u00e9tation est raffin\u00e9e, pleine d\u2019\u00e9nergie et remplie de douceur.<\/p>\n<p>\u00c0 travers des \u0153uvres les plus connues du r\u00e9pertoire de violoncelle et de piano, ces deux musiciens de niveau mondial nous tiennent en haleine en interpr\u00e9tant des chefs-d\u2019\u0153uvre \u00e9ternellement beaux. Au programme :\u00a0<em>7 Variations pour violoncelle et piano<\/em>\u00a0sur un air tir\u00e9 de l\u2019op\u00e9ra<em>\u00a0La Fl\u00fbte enchant\u00e9e<\/em>\u00a0de W.A.Mozart. Humour, l\u00e9g\u00e8ret\u00e9 expriment une ode \u00e0 l\u2019amour.<\/p>\n<p>S\u2019en suit une\u00a0<em>Sonate pour violoncelle et piano\u00a0: Cavatine et Ballabile<\/em>\u00a0de Francis Poulenc. On apprend que cette sonate est la premi\u00e8re que nos deux artistes ont apprise ensemble. C\u2019est alors qu\u2019ils ont d\u00e9velopp\u00e9 leur complicit\u00e9, leur jeu. On sent qu\u2019ils sont li\u00e9s par une amiti\u00e9 ind\u00e9fectible Le nom de leur duo est tir\u00e9 de cette sonate. Une cavatine est un air d\u2019op\u00e9ra d\u2019inspiration lyrique d\u2019une grande douceur. Le nom est bien choisi\u2009! Les deux musiciens nous ont d\u00e9montr\u00e9 qu\u2019ils ma\u00eetrisent l\u2019art de tirer des sons de leur instrument avec expressivit\u00e9. Les passages musicaux virtuoses nous communiquent les \u00e9motions qu\u2019ils v\u00e9hiculent \u00e0 travers la musique, jusqu\u2019aux larmes.<\/p>\n<p><em>Le Cygne<\/em>\u00a0de Camille Saint-Sa\u00ebns est rendu dans toute sa beaut\u00e9 avec une \u00e9motion palpable. <em>La\u00a0Sonate pour violon et piano en La majeur<\/em>\u00a0de C\u00e9sar Franck (arr. pour violoncelle) d\u00e9montre encore une fois le haut calibre professionnel et artistique de ces musiciens vou\u00e9s \u00e0 marquer la post\u00e9rit\u00e9 par leur immense sensibilit\u00e9 et leur incommensurable talent.<\/p>\n<p>No\u00e9mie a d\u00e9j\u00e0 une feuille de route impressionnante. Elle compte parmi les violoncellistes les plus prometteuses de sa g\u00e9n\u00e9ration. Passionn\u00e9e, hypersensible et raffin\u00e9e, elle nous emporte avec elle dans un tourbillon d\u2019amour et de beaut\u00e9. Elle joue sur un violoncelle Ex-Curtis (1700) de Matteo Goffriller mis \u00e0 sa disposition par Caminex Inc. Elle poss\u00e8de \u00e9galement un archet Jean-Dominique Adam datant de 1835. Michel-Alexandre est un pianiste sensible, professionnel et tr\u00e8s \u00e0 l\u2019\u00e9coute, son jeu est tout en douceur.<\/p>\n<p>Ces deux impressionnants musiciens repr\u00e9sentent deux artistes qui contribuent \u00e0 \u00e9riger l\u2019\u00e9difice de notre culture musicale qu\u00e9b\u00e9coise. Chapeau!\u00a0\u00a0Et merci pour toutes ces minutes de beaut\u00e9 et de sensibilit\u00e9 que vous nous avez offertes.<\/p>\n<p><strong>Publi\u00e9 le 19 mars 2022 par Carole Trempe dans le <a href=\"https:\/\/www.jdc.quebec\/\" target=\"_blank\" rel=\"noopener\">Journal des citoyens<\/a>.<\/strong>[\/vc_column_text][\/vc_column][\/vc_row]<\/p>\n<\/div>","protected":false},"excerpt":{"rendered":"<p>Alienum phaedrum torquatos nec eu, vis detraxit periculis ex, nihil expetendis in mei. Mei an pericula euripidis, hinc partem ei est. Eos ei nisl graecis, vix aperiri consequat an. Eius lorem tincidunt vix at, vel pertinax sensibus id, error epicurei mea et. Mea facilisis urbanitas moderatius id. Vis ei rationibus definiebas, eu qui purto zril laoreet. Ex error omnium interpretaris pro, alia illum ea vim. Lorem ipsum dolor sit amet, te ridens gloriatur temporibus qui, per enim veritus probatus ad. Quo eu etiam exerci dolore, usu ne omnes referrentur. Ex eam diceret denique, ut legimus similique vix, te equidem apeirian definitionem eos. Ei movet elitr mea. Vis legendos conceptam ad. Fabulas vituperata sadipscing ei quo, altera numquam est in.<\/p>\n","protected":false},"author":1,"featured_media":9436,"comment_status":"closed","ping_status":"closed","sticky":false,"template":"","format":"audio","meta":{"footnotes":""},"categories":[1],"tags":[],"class_list":["post-9435","post","type-post","status-publish","format-audio","has-post-thumbnail","hentry","category-non-classifiee","post_format-post-format-audio"],"_links":{"self":[{"href":"https:\/\/www.noemieraymond.com\/en\/wp-json\/wp\/v2\/posts\/9435","targetHints":{"allow":["GET"]}}],"collection":[{"href":"https:\/\/www.noemieraymond.com\/en\/wp-json\/wp\/v2\/posts"}],"about":[{"href":"https:\/\/www.noemieraymond.com\/en\/wp-json\/wp\/v2\/types\/post"}],"author":[{"embeddable":true,"href":"https:\/\/www.noemieraymond.com\/en\/wp-json\/wp\/v2\/users\/1"}],"replies":[{"embeddable":true,"href":"https:\/\/www.noemieraymond.com\/en\/wp-json\/wp\/v2\/comments?post=9435"}],"version-history":[{"count":4,"href":"https:\/\/www.noemieraymond.com\/en\/wp-json\/wp\/v2\/posts\/9435\/revisions"}],"predecessor-version":[{"id":10136,"href":"https:\/\/www.noemieraymond.com\/en\/wp-json\/wp\/v2\/posts\/9435\/revisions\/10136"}],"wp:featuredmedia":[{"embeddable":true,"href":"https:\/\/www.noemieraymond.com\/en\/wp-json\/wp\/v2\/media\/9436"}],"wp:attachment":[{"href":"https:\/\/www.noemieraymond.com\/en\/wp-json\/wp\/v2\/media?parent=9435"}],"wp:term":[{"taxonomy":"category","embeddable":true,"href":"https:\/\/www.noemieraymond.com\/en\/wp-json\/wp\/v2\/categories?post=9435"},{"taxonomy":"post_tag","embeddable":true,"href":"https:\/\/www.noemieraymond.com\/en\/wp-json\/wp\/v2\/tags?post=9435"}],"curies":[{"name":"wp","href":"https:\/\/api.w.org\/{rel}","templated":true}]}}